{"id":5292,"date":"2025-10-04T10:08:33","date_gmt":"2025-10-04T08:08:33","guid":{"rendered":"https:\/\/www.ideagc.com\/?p=5292"},"modified":"2025-12-11T08:16:12","modified_gmt":"2025-12-11T07:16:12","slug":"sona-amer-2026","status":"publish","type":"post","link":"https:\/\/www.ideagc.com\/en\/sona-amer-2026\/","title":{"rendered":"Sona Amer 2026"},"content":{"rendered":"<p>The <strong>Sona Amer<\/strong> celebrates its <strong>10th edition<\/strong> this year \u2014 a decade that has turned Amer into a leading musical and cultural meeting point, featuring legendary artists, innovative projects and international voices that have made audiences vibrate with emotion.<\/p>\n<p>To commemorate this special anniversary, we have prepared an exceptional line-up, where every concert offers a unique opportunity to experience live music at its finest.<\/p>\n<p><strong>Opening concert \u2013 Los Manolos \u2013 January 11<\/strong><br \/>\nBorn in Barcelona in 1989, <strong>Los Manolos<\/strong> shook up the Spanish music scene with their fresh, rock-infused Mediterranean rumba. In 1992 they achieved worldwide fame performing at the closing ceremony of the Barcelona Olympic Games alongside Peret and Los Amaya, triumphing with their version of <em>Amics per sempre<\/em>. With more than three decades on stage, they remain faithful to their signature blend of rhythm, humour and social spirit. <strong>Sona Amer 2026<\/strong> will kick off with their irresistible, contagious energy.<\/p>\n<p><strong>+ info<\/strong> <strong><a href=\"https:\/\/www.losmanolos.net\/\">https:\/\/www.losmanolos.net\/<\/a><\/strong><\/p>\n<p><iframe loading=\"lazy\" title=\"Los Manolos - Amigos para Siempre\" width=\"1200\" height=\"900\" src=\"https:\/\/www.youtube.com\/embed\/U_VcW5XAedE?feature=oembed&amp;wmode=opaque&amp;showinfo=0\" style=\"border: none\" allow=\"accelerometer; autoplay; clipboard-write; encrypted-media; gyroscope; picture-in-picture; web-share\" referrerpolicy=\"strict-origin-when-cross-origin\" allowfullscreen><\/iframe><\/p>\n<p><strong>January 18 \u2013 Los Sirex: 60 years of rock &amp; roll and living history<\/strong><br \/>\n<em>Los Sirex<\/em>, pioneers of Spanish rock &amp; roll, were born in Barcelona in 1959 and revolutionized the 1960s scene with hits like <em>La Escoba<\/em> and <em>Que se mueran los feos<\/em>.<br \/>\nIn 1965 they made history by opening for The Beatles at Barcelona\u2019s Monumental bullring, and today they continue to perform with the same passion and humour.<br \/>\nIn Amer, they will offer a journey through six decades of music \u2014 a live show full of vitality, memories and rock &amp; roll spirit.<\/p>\n<p><strong>+ Info https:\/\/www.lossirexoficial.com\/index.html<\/strong><\/p>\n<p><iframe loading=\"lazy\" title=\"LOS SIREX - POPURR\u00cd - Los 60 - Televisi\u00f3n espa\u00f1ola 1990\" width=\"1200\" height=\"900\" src=\"https:\/\/www.youtube.com\/embed\/vn6hS2IekpY?feature=oembed&amp;wmode=opaque&amp;showinfo=0\" style=\"border: none\" allow=\"accelerometer; autoplay; clipboard-write; encrypted-media; gyroscope; picture-in-picture; web-share\" referrerpolicy=\"strict-origin-when-cross-origin\" allowfullscreen><\/iframe><\/p>\n<p><strong>February 8 \u2013 Sant Andreu Jazz Band: the future of jazz is here<\/strong><br \/>\nDirected by <em>Joan Chamorro<\/em>, the <em>Sant Andreu Jazz Band<\/em> celebrates 20 years of a musical and educational journey like no other.<br \/>\nWith more than 90 young musicians trained and over 70 albums released, the band has become a global reference in educational jazz.<br \/>\nAfter achieving second place at New York\u2019s prestigious <em>Essentially Ellington<\/em> competition in 2025, they come to Amer with a special concert featuring pieces from their new album <em>Jazzing 16<\/em> and a tribute to <em>Duke Ellington<\/em>.<br \/>\nAn essential date to discover the passion and talent of the new generation of Catalan jazz.<\/p>\n<p><strong>+ Info <a href=\"https:\/\/joanchamorro.com\/sant-andreu-jazz-band\">https:\/\/joanchamorro.com\/sant-andreu-jazz-band<\/a><\/strong><\/p>\n<p><iframe loading=\"lazy\" title=\"Essentially Ellington 2025: Sant Andreu Jazz Band, Round I\" width=\"1200\" height=\"675\" src=\"https:\/\/www.youtube.com\/embed\/UvyXKYkOsfM?feature=oembed&amp;wmode=opaque&amp;showinfo=0\" style=\"border: none\" allow=\"accelerometer; autoplay; clipboard-write; encrypted-media; gyroscope; picture-in-picture; web-share\" referrerpolicy=\"strict-origin-when-cross-origin\" allowfullscreen><\/iframe><\/p>\n<p><strong>February 22 \u2013 Borja Penalba &amp; Vicent Colonques.<\/strong><br \/>\nBorja Penalba is a craftsman of music and words, a creator who blends irony, beauty, and a constant pursuit of excellence. After more than thirty years making music with others, he returns with <em data-start=\"846\" data-end=\"875\">\u201cGir\u00f2vag: Suite de Parlav\u00e0\u201d<\/em>, his second solo work.<\/p>\n<p>A piece that breathes the Mediterranean and emotion, where poetry set to music becomes a sonic journey, reflection, and shared understanding. From Valencia, Penalba challenges the ordinary with his lucid and honest gaze, turning each song into movement, poetry, and a knowing smile.<\/p>\n<p><strong>+ Info <a href=\"https:\/\/borjapenalba.cat\/\">https:\/\/borjapenalba.cat\/<\/a><\/strong><\/p>\n<p><iframe loading=\"lazy\" title=\"Gir\u00f2vag - &quot;Tango amb pedres&quot; en directe. Picanya, 9-V-2025. (Amb subt\u00edtols)\" width=\"1200\" height=\"675\" src=\"https:\/\/www.youtube.com\/embed\/emxpiEow5js?feature=oembed&amp;wmode=opaque&amp;showinfo=0\" style=\"border: none\" allow=\"accelerometer; autoplay; clipboard-write; encrypted-media; gyroscope; picture-in-picture; web-share\" referrerpolicy=\"strict-origin-when-cross-origin\" allowfullscreen><\/iframe><\/p>\n<p><strong>March 1 \u2013 Sheryl Youngblood with Tota Blues &amp; Jos\u00e9 Luis Pardo: the heart of Chicago in Amer<\/strong><br \/>\nFrom Chicago comes <em>Sheryl Youngblood<\/em>, one of today\u2019s most powerful voices in blues, soul and gospel.<br \/>\n<strong>Winner of a <em>Gospel Grammy Award<\/em> and a <em>Stella Award<\/em><\/strong>, she has shared the stage with legends such as <em>Buddy Guy<\/em>, <em>Koko Taylor<\/em> and <em>Bobby Rush<\/em>.<br \/>\nIn Amer she will perform an <strong>exclusive concert in the province of Girona<\/strong>, accompanied by a blues band led by <em>Tota Blues<\/em> and the renowned guitarist <em>Jos\u00e9 Luis Pardo<\/em>.<br \/>\nA unique evening bringing the true spirit of Chicago blues to the heart of La Selva \u2014 pure energy, passion and authenticity from one of the genre\u2019s great divas.<\/p>\n<p><strong>+ Info <a href=\"https:\/\/sherylyoungbloodband.com\/\">https:\/\/sherylyoungbloodband.com\/<\/a><\/strong><\/p>\n<p><iframe loading=\"lazy\" title=\"Sheryl Youngblood - Chicago Blues Festival - June 11, 2023\" width=\"1200\" height=\"675\" src=\"https:\/\/www.youtube.com\/embed\/679d6HRg6a0?feature=oembed&amp;wmode=opaque&amp;showinfo=0\" style=\"border: none\" allow=\"accelerometer; autoplay; clipboard-write; encrypted-media; gyroscope; picture-in-picture; web-share\" referrerpolicy=\"strict-origin-when-cross-origin\" allowfullscreen><\/iframe><\/p>\n<p><strong>March 22 \u2013 Grand Finale with Lucrecia: the heartbeat of Cuba<\/strong><br \/>\nThe energy, rhythm and passion of <em>Lucrecia<\/em> will bring Sona Amer 2026 to a spectacular close.<br \/>\n<strong>Winner of a <em>Grammy<\/em> and a <em>Latin Grammy<\/em><\/strong>, this Cuban artist based in Barcelona since 1993 is one of the most charismatic voices in Latin music.<br \/>\nShe has performed with <em>Celia Cruz<\/em>, <em>Joaqu\u00edn Sabina<\/em> and <em>Paquito D\u2019Rivera<\/em>, and has been <strong>nominated for an Academy Award (Oscar) for Best Original Score<\/strong>, a recognition that crowns her distinguished international career.<br \/>\nHer unique blend of son, salsa, bolero and Latin jazz turns every performance into a joyful explosion of life.<br \/>\nIn Amer, she will present a vibrant and colourful show to close a decade of great music with rhythm and emotion.<\/p>\n<p><strong>+ Info <a href=\"https:\/\/www.lucreciamusic.com\/wp\/biografia\/\">https:\/\/www.lucreciamusic.com\/wp\/biografia\/<\/a><\/strong><\/p>\n<p><iframe loading=\"lazy\" title=\"Estreno   COQUINI COCO\" width=\"1200\" height=\"675\" src=\"https:\/\/www.youtube.com\/embed\/M4OpTC-c2Vw?feature=oembed&amp;wmode=opaque&amp;showinfo=0\" style=\"border: none\" allow=\"accelerometer; autoplay; clipboard-write; encrypted-media; gyroscope; picture-in-picture; web-share\" referrerpolicy=\"strict-origin-when-cross-origin\" allowfullscreen><\/iframe><\/p>\n<p><strong>Ticket Information \u2013 Sona Amer 2026<\/strong><\/p>\n<p>Seats on the <strong>first floor<\/strong> are available at a <strong>reduced price<\/strong>. Although visibility is good, please note that the temperature in that area may be slightly higher due to the theatre\u2019s heating system.<br \/>\nAccess to the first floor is <strong>by stairs only<\/strong>; there is no lift.<\/p>\n<p><strong>Ticket Prices<\/strong><\/p>\n<ul>\n<li><strong>Season Pass (reserved seat)<\/strong> \u2013 all concerts at Teatre El Casal d\u2019Amer: Stalls: <strong>\u20ac90<\/strong> \/ 1st floor: <strong>\u20ac75<\/strong><\/li>\n<li><strong>General Admission (advance):<\/strong> \u20ac15 \/ At the door: \u20ac20. Exceptions (<em>Los Manolos<\/em>, <em>Los Sirex<\/em> and <em>Lucrecia<\/em>): \u20ac20 advance \/ \u20ac25 at the door.<\/li>\n<li><strong>Reduced Ticket (1st floor):<\/strong> \u20ac12 and \u20ac17.<\/li>\n<li>Tickets available at <a href=\"https:\/\/entradium.com\" target=\"_new\">entradium.com<\/a><\/li>\n<\/ul>\n<p><strong>Season Passes available until November 24.<\/strong> For <strong>renewals<\/strong>, send a WhatsApp to <strong>+34 622 337 255<\/strong> or email <strong><a href=\"mailto:cultura@amer.cat\">cultura@amer.cat<\/a><\/strong>.<br \/>\n<strong>Individual tickets<\/strong> will be available from <strong>December 1<\/strong>.<\/p>\n<p>The <strong>Sona Amer Festival<\/strong> offers top-quality performances at <strong>affordable prices<\/strong>, encouraging everyone to enjoy live music.<br \/>\nYear after year, it has proven that culture and music can drive local development, attract audiences from across the region and enhance Amer\u2019s cultural and touristic appeal.<\/p>\n<p><strong>Don\u2019t miss this unique festival at Teatre El Casal d\u2019Amer.<\/strong> Get your tickets and live an unforgettable experience!<\/p>\n<p>&nbsp;<\/p>\n<p><a href=\"https:\/\/www.ideagc.com\/wp-content\/uploads\/2025\/10\/CARTELL2026AJUNATMENT.jpg\"><img loading=\"lazy\" decoding=\"async\" class=\"alignnone wp-image-5306 size-large\" src=\"https:\/\/www.ideagc.com\/wp-content\/uploads\/2025\/10\/CARTELL2026AJUNATMENT-724x1024.jpg\" alt=\"\" width=\"724\" height=\"1024\" srcset=\"https:\/\/www.ideagc.com\/wp-content\/uploads\/2025\/10\/CARTELL2026AJUNATMENT-724x1024.jpg 724w, https:\/\/www.ideagc.com\/wp-content\/uploads\/2025\/10\/CARTELL2026AJUNATMENT-212x300.jpg 212w, https:\/\/www.ideagc.com\/wp-content\/uploads\/2025\/10\/CARTELL2026AJUNATMENT-106x150.jpg 106w, https:\/\/www.ideagc.com\/wp-content\/uploads\/2025\/10\/CARTELL2026AJUNATMENT-768x1086.jpg 768w, https:\/\/www.ideagc.com\/wp-content\/uploads\/2025\/10\/CARTELL2026AJUNATMENT-1086x1536.jpg 1086w, https:\/\/www.ideagc.com\/wp-content\/uploads\/2025\/10\/CARTELL2026AJUNATMENT-1448x2048.jpg 1448w, https:\/\/www.ideagc.com\/wp-content\/uploads\/2025\/10\/CARTELL2026AJUNATMENT-672x951.jpg 672w, https:\/\/www.ideagc.com\/wp-content\/uploads\/2025\/10\/CARTELL2026AJUNATMENT-1038x1468.jpg 1038w, https:\/\/www.ideagc.com\/wp-content\/uploads\/2025\/10\/CARTELL2026AJUNATMENT-480x679.jpg 480w, https:\/\/www.ideagc.com\/wp-content\/uploads\/2025\/10\/CARTELL2026AJUNATMENT.jpg 1754w\" sizes=\"auto, (max-width: 724px) 100vw, 724px\" \/><\/a><\/p>","protected":false},"excerpt":{"rendered":"<p>The Sona Amer celebrates its 10th edition this year \u2014 a decade that has turned Amer into a leading musical and cultural meeting point, featuring legendary artists, innovative projects and international voices that have made audiences vibrate with emotion. To commemorate this special anniversary, we have prepared an exceptional line-up, where every concert offers a unique opportunity to experience live [&hellip;]<\/p>\n","protected":false},"author":4,"featured_media":5306,"comment_status":"open","ping_status":"open","sticky":false,"template":"","format":"standard","meta":{"om_disable_all_campaigns":false,"_exactmetrics_skip_tracking":false,"_monsterinsights_skip_tracking":false,"_uf_show_specific_survey":0,"_uf_disable_surveys":false,"footnotes":""},"categories":[2],"tags":[],"class_list":["post-5292","post","type-post","status-publish","format-standard","has-post-thumbnail","hentry","category-sin-categoria"],"aioseo_notices":[],"_links":{"self":[{"href":"https:\/\/www.ideagc.com\/en\/wp-json\/wp\/v2\/posts\/5292","targetHints":{"allow":["GET"]}}],"collection":[{"href":"https:\/\/www.ideagc.com\/en\/wp-json\/wp\/v2\/posts"}],"about":[{"href":"https:\/\/www.ideagc.com\/en\/wp-json\/wp\/v2\/types\/post"}],"author":[{"embeddable":true,"href":"https:\/\/www.ideagc.com\/en\/wp-json\/wp\/v2\/users\/4"}],"replies":[{"embeddable":true,"href":"https:\/\/www.ideagc.com\/en\/wp-json\/wp\/v2\/comments?post=5292"}],"version-history":[{"count":6,"href":"https:\/\/www.ideagc.com\/en\/wp-json\/wp\/v2\/posts\/5292\/revisions"}],"predecessor-version":[{"id":5349,"href":"https:\/\/www.ideagc.com\/en\/wp-json\/wp\/v2\/posts\/5292\/revisions\/5349"}],"wp:featuredmedia":[{"embeddable":true,"href":"https:\/\/www.ideagc.com\/en\/wp-json\/wp\/v2\/media\/5306"}],"wp:attachment":[{"href":"https:\/\/www.ideagc.com\/en\/wp-json\/wp\/v2\/media?parent=5292"}],"wp:term":[{"taxonomy":"category","embeddable":true,"href":"https:\/\/www.ideagc.com\/en\/wp-json\/wp\/v2\/categories?post=5292"},{"taxonomy":"post_tag","embeddable":true,"href":"https:\/\/www.ideagc.com\/en\/wp-json\/wp\/v2\/tags?post=5292"}],"curies":[{"name":"wp","href":"https:\/\/api.w.org\/{rel}","templated":true}]}}